{"id":42,"__str__":"Membro : Jucelino da Concei\u00e7\u00e3o Alc\u00e2ntara","link_detail_backend":"/comissao/participacao/42","metadata":{},"titular":true,"data_designacao":"2025-01-16","data_desligamento":null,"motivo_desligamento":"","observacao":"","composicao":11,"parlamentar":2,"cargo":3}